{"id":423,"date":"2023-10-02T15:26:15","date_gmt":"2023-10-02T18:26:15","guid":{"rendered":"https:\/\/info.femems.com.br\/?p=423"},"modified":"2023-10-02T15:26:15","modified_gmt":"2023-10-02T18:26:15","slug":"programa-de-prova-para-a-8-etapa-do-campeonato-estadual-sul-mato-grossense-em-rio-brilhante-ms","status":"publish","type":"post","link":"https:\/\/info.femems.com.br\/index.php\/2023\/10\/02\/programa-de-prova-para-a-8-etapa-do-campeonato-estadual-sul-mato-grossense-em-rio-brilhante-ms\/","title":{"rendered":"Programa de prova para a 8\u00b0 etapa do campeonato estadual Sul-mato-grossense em Rio brilhante\/ms"},"content":{"rendered":"\n<p class=\"has-black-color has-text-color\"><strong><em><u>J\u00daRI DE PROVA<\/u><\/em><\/strong><\/p>\n\n\n\n<p class=\"has-black-color has-text-color\">Leonardo Bittencourt&nbsp; \/ Nathan Machado \/&nbsp; Jo\u00e3o Andrade<\/p>\n\n\n\n<p class=\"has-black-color has-text-color\"><strong>S\u00c1BADO<\/strong><strong> <\/strong><strong>07\/10\/2023<\/strong><strong><\/strong><\/p>\n\n\n\n<p class=\"has-black-color has-text-color\">Inscri\u00e7\u00f5es e vistorias t\u00e9cnicas&nbsp;&nbsp;&nbsp; 09:00&nbsp; a 17:00<strong><\/strong><\/p>\n\n\n\n<p class=\"has-text-align-center has-black-color has-text-color\"><strong>TREINO LIVRE&nbsp;<\/strong><\/p>\n\n\n\n<figure class=\"wp-block-table\"><table class=\"has-black-color has-text-color\"><tbody><tr><td>Mx-Intermedi\u00e1ria Importada <em><\/em><\/td><td>13:00<em><\/em><\/td><\/tr><tr><td>Mx-2 <em><\/em><\/td><td>13:15<em><\/em><\/td><\/tr><tr><td><em>Mx-F<\/em><\/td><td><em>13:30<\/em><\/td><\/tr><tr><td><em>Mx-Nacional Livre<\/em><\/td><td><em>13:45<\/em><\/td><\/tr><tr><td><em>Mx-3<\/em><\/td><td><em>14:00<\/em><\/td><\/tr><tr><td><em>Mx- Mini Motos + Mx-65cc<\/em><\/td><td><em>14:15<\/em><\/td><\/tr><tr><td><em>Mx- Nacional Pr\u00f3<\/em><\/td><td><em>14:30<\/em><\/td><\/tr><tr><td><em>Mx-5<\/em><\/td><td><em>14:45<\/em><\/td><\/tr><tr><td><em>Mx-3 Nacional<\/em><\/td><td><em>15:00<\/em><\/td><\/tr><tr><td><em>Mx- Junior<\/em><\/td><td><em>15:15<\/em><\/td><\/tr><tr><td><em>Mx-4<\/em><\/td><td><em>15:30<\/em><\/td><\/tr><tr><td><em>Mx-1<\/em><\/td><td><em>15:45<\/em><\/td><\/tr><\/tbody><\/table><\/figure>\n\n\n\n<p class=\"has-text-align-center has-black-color has-text-color\"><strong>DOMINGO 08\/10\/2023<\/strong><\/p>\n\n\n\n<p class=\"has-text-align-center\"><strong>WARM UP<\/strong><strong><\/strong><\/p>\n\n\n\n<figure class=\"wp-block-table\"><table class=\"has-black-color has-text-color\"><tbody><tr><td><em>Mx-Intermedi\u00e1ria Importada<\/em><\/td><td><em>08:00<\/em><\/td><\/tr><tr><td><em>Mx-2<\/em><\/td><td><em>08:05<\/em><\/td><\/tr><tr><td><em>Mx-F<\/em><\/td><td><em>08:10<\/em><\/td><\/tr><tr><td><em>Mx-Nacional Livre<\/em><\/td><td><em>08:15<\/em><\/td><\/tr><tr><td><em>Mx-3<\/em><\/td><td><em>08:20<\/em><\/td><\/tr><tr><td><em>Mx-Mini Moto &amp; MX-65cc<\/em><\/td><td><em>08:25<\/em><\/td><\/tr><tr><td><em>Mx-Nacional Pr\u00f3<\/em><\/td><td><em>08:30<\/em><\/td><\/tr><tr><td><em>Mx-5<\/em><\/td><td><em>08:35<\/em><\/td><\/tr><tr><td><em>Mx-3 Nacional<\/em><\/td><td><em>08:40<\/em><\/td><\/tr><tr><td><em>Mx-Junior<\/em><\/td><td><em>08:45<\/em><\/td><\/tr><tr><td><em>Mx-4<\/em><\/td><td><em>08:50<\/em><\/td><\/tr><tr><td><em>Mx-1<\/em><\/td><td><em>08:55<\/em><\/td><\/tr><\/tbody><\/table><\/figure>\n\n\n\n<p class=\"has-text-align-center has-black-color has-text-color\"><strong><em>DOMINGO \/ PROVAS OFICIAIS<\/em><\/strong><\/p>\n\n\n\n<figure class=\"wp-block-table\"><table class=\"has-black-color has-text-color\"><tbody><tr><td><em>Mx-Intermedi\u00e1ria importada<\/em><\/td><td><em>10:00<\/em><\/td><\/tr><tr><td><em>Mx-Mini Moto &amp; Mx-65cc&nbsp;&nbsp;&nbsp;&nbsp;&nbsp;&nbsp;&nbsp;&nbsp;&nbsp;&nbsp;&nbsp;&nbsp;&nbsp;&nbsp;&nbsp;&nbsp;<\/em><\/td><td><em>10:15<\/em><\/td><\/tr><tr><td><em>Mx-F<\/em><\/td><td><em>10:30<\/em><\/td><\/tr><tr><td><em>Mx-<\/em><em> j\u00fanior<\/em><em><\/em><\/td><td><em>10:45<\/em><\/td><\/tr><tr><td><em>Mx-nacional livre<\/em><\/td><td><em>11:00<\/em><\/td><\/tr><\/tbody><\/table><\/figure>\n\n\n\n<p class=\"has-text-align-center has-black-color has-text-color\"><strong>ENTREGA DE TROF\u00c9U \/ MANUTEN\u00c7\u00c3O DE PISTA<\/strong><\/p>\n\n\n\n<figure class=\"wp-block-table\"><table class=\"has-black-color has-text-color\"><tbody><tr><td><em>Mx-3<\/em><\/td><td><em>12:30<\/em><\/td><\/tr><tr><td><em>Mx-2<\/em><\/td><td><em>12:50<\/em><\/td><\/tr><tr><td><em>Mx-3 nacional<\/em><\/td><td><em>13:15<\/em><\/td><\/tr><tr><td><em>Mx-5<\/em><\/td><td><em>13:30<\/em><\/td><\/tr><\/tbody><\/table><\/figure>\n\n\n\n<p class=\"has-text-align-center has-black-color has-text-color\"><strong>MANUTEN\u00c7\u00c3O DE PISTA<\/strong><\/p>\n\n\n\n<figure class=\"wp-block-table\"><table class=\"has-black-color has-text-color\"><tbody><tr><td><em>Mx-4<\/em><\/td><td><em>14:10<\/em><em><\/em><\/td><\/tr><tr><td><em>Mx-Nacional pr\u00f3<\/em><\/td><td><em>14:30<\/em><\/td><\/tr><tr><td><em>Mx-1<\/em><\/td><td><em>14:50<\/em><\/td><\/tr><\/tbody><\/table><\/figure>\n","protected":false},"excerpt":{"rendered":"<p>J\u00daRI DE PROVA Leonardo Bittencourt&nbsp; \/ Nathan Machado \/&nbsp; Jo\u00e3o Andrade S\u00c1BADO 07\/10\/2023 Inscri\u00e7\u00f5es e vistorias t\u00e9cnicas&nbsp;&nbsp;&nbsp; 09:00&nbsp; a 17:00 TREINO LIVRE&nbsp; Mx-Intermedi\u00e1ria Importada 13:00 Mx-2 13:15 Mx-F 13:30 Mx-Nacional Livre 13:45 Mx-3 14:00 Mx- Mini Motos + Mx-65cc 14:15 Mx- Nacional Pr\u00f3 14:30 Mx-5 14:45 Mx-3 Nacional 15:00 Mx- Junior 15:15 Mx-4 15:30 Mx-1 [&hellip;]<\/p>\n","protected":false},"author":3,"featured_media":424,"comment_status":"open","ping_status":"open","sticky":false,"template":"","format":"standard","meta":{"ngg_post_thumbnail":0},"categories":[18],"tags":[],"_links":{"self":[{"href":"https:\/\/info.femems.com.br\/index.php\/wp-json\/wp\/v2\/posts\/423"}],"collection":[{"href":"https:\/\/info.femems.com.br\/index.php\/wp-json\/wp\/v2\/posts"}],"about":[{"href":"https:\/\/info.femems.com.br\/index.php\/wp-json\/wp\/v2\/types\/post"}],"author":[{"embeddable":true,"href":"https:\/\/info.femems.com.br\/index.php\/wp-json\/wp\/v2\/users\/3"}],"replies":[{"embeddable":true,"href":"https:\/\/info.femems.com.br\/index.php\/wp-json\/wp\/v2\/comments?post=423"}],"version-history":[{"count":1,"href":"https:\/\/info.femems.com.br\/index.php\/wp-json\/wp\/v2\/posts\/423\/revisions"}],"predecessor-version":[{"id":425,"href":"https:\/\/info.femems.com.br\/index.php\/wp-json\/wp\/v2\/posts\/423\/revisions\/425"}],"wp:featuredmedia":[{"embeddable":true,"href":"https:\/\/info.femems.com.br\/index.php\/wp-json\/wp\/v2\/media\/424"}],"wp:attachment":[{"href":"https:\/\/info.femems.com.br\/index.php\/wp-json\/wp\/v2\/media?parent=423"}],"wp:term":[{"taxonomy":"category","embeddable":true,"href":"https:\/\/info.femems.com.br\/index.php\/wp-json\/wp\/v2\/categories?post=423"},{"taxonomy":"post_tag","embeddable":true,"href":"https:\/\/info.femems.com.br\/index.php\/wp-json\/wp\/v2\/tags?post=423"}],"curies":[{"name":"wp","href":"https:\/\/api.w.org\/{rel}","templated":true}]}}