{"id":271,"date":"2023-06-05T15:39:11","date_gmt":"2023-06-05T18:39:11","guid":{"rendered":"https:\/\/info.femems.com.br\/?p=271"},"modified":"2023-06-07T16:16:46","modified_gmt":"2023-06-07T19:16:46","slug":"confira-o-programa-de-prova-da-4-etapa-do-campeonato-estadual-sul-mato-grossense-de-motocross","status":"publish","type":"post","link":"https:\/\/info.femems.com.br\/index.php\/2023\/06\/05\/confira-o-programa-de-prova-da-4-etapa-do-campeonato-estadual-sul-mato-grossense-de-motocross\/","title":{"rendered":"Confira o programa de prova da 4\u00b0 etapa do Campeonato Estadual Sul-Mato-Grossense de Motocross 2023"},"content":{"rendered":"\n<p><\/p>\n\n\n\n<div class=\"is-vertical is-layout-flex wp-container-1 wp-block-group\">\n<p class=\"has-black-color has-white-background-color has-text-color has-background has-large-font-size\">                             <strong>S\u00c1BADO 10\/06\/2023<\/strong><\/p>\n\n\n\n<p>Inscri\u00e7\u00f5es e vistorias t\u00e9cnicas&nbsp;&nbsp;&nbsp; 09:00&nbsp; a 17:00<\/p>\n<\/div>\n\n\n\n<p><strong>TREINO LIVRE&nbsp;<\/strong><\/p>\n\n\n\n<figure class=\"wp-block-table\"><table><tbody><tr><td><em>Mx-Intermedi\u00e1ria Importada<\/em><\/td><td><em>13:00<\/em><\/td><\/tr><tr><td><em>Mx-2<\/em><\/td><td><em>13:15<\/em><\/td><\/tr><tr><td><em>Mx-F<\/em><\/td><td><em>13:30<\/em><\/td><\/tr><tr><td><em>Mx-Nacional Livre<\/em><\/td><td><em>13:45<\/em><\/td><\/tr><tr><td><em>Mx-3<\/em><\/td><td><em>14:00<\/em><\/td><\/tr><tr><td><em>Mx- Mini moto &amp; Mx-65cc<\/em><\/td><td><em>14:15<\/em><\/td><\/tr><tr><td><em>Mx-Nacional Pr\u00f3<\/em><\/td><td><em>14:30<\/em><\/td><\/tr><tr><td><em>Mx-5<\/em><\/td><td><em>14:45<\/em><\/td><\/tr><tr><td><em>Mx-3 Nacional<\/em><\/td><td><em>15:00<\/em><\/td><\/tr><tr><td><em>Mx-Junior<\/em><\/td><td><em>15:15<\/em><\/td><\/tr><tr><td><em>Mx-4<\/em><\/td><td><em>15:30<\/em><\/td><\/tr><tr><td><em>Mx-1<\/em><\/td><td><em>15:45<\/em><\/td><\/tr><\/tbody><\/table><\/figure>\n\n\n\n<p><\/p>\n\n\n\n<p class=\"has-text-align-center has-black-color has-text-color has-large-font-size\"><strong>DOMINGO <\/strong><strong>11\/06\/2023<\/strong><strong>&nbsp;&nbsp;&nbsp; <\/strong><strong><\/strong><\/p>\n\n\n\n<p><strong>WARM UP<\/strong><strong><\/strong><\/p>\n\n\n\n<figure class=\"wp-block-table\"><table><tbody><tr><td><em>Mx-Intermedi\u00e1ria Importada<\/em><\/td><td><em>08:00<\/em><\/td><\/tr><tr><td><em>Mx-2<\/em><\/td><td><em>08:05<\/em><\/td><\/tr><tr><td><em>Mx-F<\/em><\/td><td><em>08:10<\/em><\/td><\/tr><tr><td><em>Mx-Nacional Livre<\/em><\/td><td><em>08:15<\/em><\/td><\/tr><tr><td><em>Mx-3<\/em><\/td><td><em>08:20<\/em><\/td><\/tr><tr><td><em>Mx-Mini Moto &amp; MX-65cc<\/em><\/td><td><em>08:25<\/em><\/td><\/tr><tr><td><em>Mx-Nacional Pr\u00f3<\/em><\/td><td><em>08:30<\/em><\/td><\/tr><tr><td><em>Mx-5<\/em><\/td><td><em>08:35<\/em><\/td><\/tr><tr><td><em>Mx-3 Nacional<\/em><\/td><td><em>08:40<\/em><\/td><\/tr><tr><td><em>Mx-Junior<\/em><\/td><td><em>08:45<\/em><\/td><\/tr><tr><td><em>Mx-4<\/em><\/td><td><em>08:50<\/em><\/td><\/tr><tr><td><em>Mx-1<\/em><\/td><td><em>08:55<\/em><\/td><\/tr><\/tbody><\/table><\/figure>\n\n\n\n<p><strong><em>DOMINGO \/ PROVAS OFICIAIS<\/em><\/strong><strong><em><\/em><\/strong><\/p>\n\n\n\n<figure class=\"wp-block-table\"><table><tbody><tr><td><em>Mx-Intermedi\u00e1ria importada<\/em><\/td><td><em>10:00<\/em><\/td><\/tr><tr><td><em>Mx-Mini Moto &amp; Mx-65cc&nbsp;&nbsp;&nbsp;&nbsp;&nbsp;&nbsp;&nbsp;&nbsp;&nbsp;&nbsp;&nbsp;&nbsp;&nbsp;&nbsp;&nbsp;&nbsp;<\/em><\/td><td><em>10:15<\/em><\/td><\/tr><tr><td><em>Mx-F<\/em><\/td><td><em>10:30<\/em><\/td><\/tr><tr><td><em>Mx-<\/em><em> j\u00fanior<\/em><em><\/em><\/td><td><em>10:45<\/em><\/td><\/tr><tr><td><em>Mx-nacional livre<\/em><\/td><td><em>11:00<\/em><\/td><\/tr><\/tbody><\/table><\/figure>\n\n\n\n<p><strong>ENTREGA DE TROF\u00c9U \/ MANUTEN\u00c7\u00c3O DE PISTA<\/strong><strong><\/strong><\/p>\n\n\n\n<figure class=\"wp-block-table\"><table><tbody><tr><td><em>Mx-3<\/em><\/td><td><em>12:30<\/em><\/td><\/tr><tr><td><em>Mx-2<\/em><\/td><td><em>12:50<\/em><\/td><\/tr><tr><td><em>Mx-3 nacional<\/em><\/td><td><em>13:15<\/em><\/td><\/tr><tr><td><em>Mx-5<\/em><\/td><td><em>13:30<\/em><\/td><\/tr><\/tbody><\/table><\/figure>\n\n\n\n<p><strong>MANUTEN\u00c7\u00c3O DE <\/strong><strong>PISTA<\/strong><\/p>\n\n\n\n<figure class=\"wp-block-table\"><table><tbody><tr><td><em>Mx-4<\/em><\/td><td><em>14:10<\/em><em><\/em><\/td><\/tr><tr><td><em>Mx-Nacional pr\u00f3<\/em><\/td><td><em>14:30<\/em><\/td><\/tr><tr><td><em>Mx-1<\/em><\/td><td><em>14:50<\/em><\/td><\/tr><\/tbody><\/table><\/figure>\n\n\n\n<p><strong><em><u>J\u00daRI DE PROVA<\/u><\/em><\/strong><\/p>\n\n\n\n<p>Leonardo Bittencourt&nbsp; \/ Nathan Machado \/&nbsp; Jo\u00e3o Andrade<\/p>\n\n\n\n<p><\/p>\n\n\n\n<p><strong><u>OBSERVA\u00c7\u00d5ES:<\/u><\/strong><strong><\/strong><\/p>\n\n\n\n<p><strong>1-<\/strong> <strong>A FEMEMS comunicar\u00e1 aos pilotos pelo sistema de sonoriza\u00e7\u00e3o no local, caso ocorra altera\u00e7\u00f5es no programa de prova ou quaisquer mudan\u00e7as nos hor\u00e1rios.<\/strong><\/p>\n\n\n\n<p><strong>2- Em todas as etapas, os hor\u00e1rios das inscri\u00e7\u00f5es e vistorias ser\u00e3o rigidamente cumpridos! N\u00e3o haver\u00e1 exce\u00e7\u00f5es e nem atrasos.<\/strong><\/p>\n\n\n\n<p><strong>3-A aus\u00eancia de ambul\u00e2ncia\/UTI M\u00f3vel e\/ou da Equipe M\u00e9dica no LOCAL DA PROVA acarretar\u00e1 atrasos nos hor\u00e1rios pr\u00e9-estabelecidos na programa\u00e7\u00e3o&nbsp; deste Evento.<\/strong><\/p>\n","protected":false},"excerpt":{"rendered":"<p>S\u00c1BADO 10\/06\/2023 Inscri\u00e7\u00f5es e vistorias t\u00e9cnicas&nbsp;&nbsp;&nbsp; 09:00&nbsp; a 17:00 TREINO LIVRE&nbsp; Mx-Intermedi\u00e1ria Importada 13:00 Mx-2 13:15 Mx-F 13:30 Mx-Nacional Livre 13:45 Mx-3 14:00 Mx- Mini moto &amp; Mx-65cc 14:15 Mx-Nacional Pr\u00f3 14:30 Mx-5 14:45 Mx-3 Nacional 15:00 Mx-Junior 15:15 Mx-4 15:30 Mx-1 15:45 DOMINGO 11\/06\/2023&nbsp;&nbsp;&nbsp; WARM UP Mx-Intermedi\u00e1ria Importada 08:00 Mx-2 08:05 Mx-F 08:10 Mx-Nacional [&hellip;]<\/p>\n","protected":false},"author":3,"featured_media":276,"comment_status":"open","ping_status":"open","sticky":false,"template":"","format":"standard","meta":{"ngg_post_thumbnail":0},"categories":[13],"tags":[],"_links":{"self":[{"href":"https:\/\/info.femems.com.br\/index.php\/wp-json\/wp\/v2\/posts\/271"}],"collection":[{"href":"https:\/\/info.femems.com.br\/index.php\/wp-json\/wp\/v2\/posts"}],"about":[{"href":"https:\/\/info.femems.com.br\/index.php\/wp-json\/wp\/v2\/types\/post"}],"author":[{"embeddable":true,"href":"https:\/\/info.femems.com.br\/index.php\/wp-json\/wp\/v2\/users\/3"}],"replies":[{"embeddable":true,"href":"https:\/\/info.femems.com.br\/index.php\/wp-json\/wp\/v2\/comments?post=271"}],"version-history":[{"count":4,"href":"https:\/\/info.femems.com.br\/index.php\/wp-json\/wp\/v2\/posts\/271\/revisions"}],"predecessor-version":[{"id":278,"href":"https:\/\/info.femems.com.br\/index.php\/wp-json\/wp\/v2\/posts\/271\/revisions\/278"}],"wp:featuredmedia":[{"embeddable":true,"href":"https:\/\/info.femems.com.br\/index.php\/wp-json\/wp\/v2\/media\/276"}],"wp:attachment":[{"href":"https:\/\/info.femems.com.br\/index.php\/wp-json\/wp\/v2\/media?parent=271"}],"wp:term":[{"taxonomy":"category","embeddable":true,"href":"https:\/\/info.femems.com.br\/index.php\/wp-json\/wp\/v2\/categories?post=271"},{"taxonomy":"post_tag","embeddable":true,"href":"https:\/\/info.femems.com.br\/index.php\/wp-json\/wp\/v2\/tags?post=271"}],"curies":[{"name":"wp","href":"https:\/\/api.w.org\/{rel}","templated":true}]}}